{"id":997,"date":"2026-08-03T12:12:23","date_gmt":"2026-08-03T12:12:23","guid":{"rendered":"https:\/\/www.samybouvtc.com\/?p=997"},"modified":"2026-08-03T12:38:25","modified_gmt":"2026-08-03T12:38:25","slug":"vtc-gares-parisiennes-chauffeur-prive-pour-votre-arrivee-ou-depart-en-train","status":"publish","type":"post","link":"https:\/\/www.samybouvtc.com\/en_GB\/vtc-gares-parisiennes-chauffeur-prive-pour-votre-arrivee-ou-depart-en-train\/","title":{"rendered":"VTC Gares Parisiennes : Chauffeur Priv\u00e9 pour Votre Arriv\u00e9e ou D\u00e9part en Train"},"content":{"rendered":"<div data-elementor-type=\"wp-post\" data-elementor-id=\"997\" class=\"elementor elementor-997\">\n\t\t\t\t<div class=\"elementor-element elementor-element-b2175c3 e-con e-atomic-element e-flexbox-base e-3ce031a\" data-id=\"b2175c3\" data-element_type=\"e-flexbox\" data-e-type=\"e-flexbox\" data-interaction-id=\"b2175c3\">\n    \t\t<div class=\"elementor-element elementor-element-325f57c elementor-widget elementor-widget-text-editor\" data-id=\"325f57c\" data-element_type=\"widget\" data-e-type=\"widget\" data-widget_type=\"text-editor.default\">\n\t\t\t\t\t\t\t\t\t<p><\/p><h1 class=\"wp-block-heading has-ast-global-color-4-color has-text-color has-link-color wp-elements-7b6cfb39eb95df52b11b4b5a780bd5c4\">VTC Gares Parisiennes\u00a0: Chauffeur Priv\u00e9 pour Votre Arriv\u00e9e ou D\u00e9part en Train<\/h1><p><\/p><p><\/p><p class=\"wp-block-paragraph\">Vous arrivez en train \u00e0 Paris ou vous partez en gare\u00a0? Entre les valises, les correspondances et l\u2019attente d\u2019un taxi, ce moment peut vite devenir stressant. Un chauffeur priv\u00e9 VTC vous simplifie ce trajet en vous prenant en charge directement \u00e0 la sortie de la gare, sans attente ni mauvaise surprise sur le tarif.<\/p><p><\/p><p><\/p><h2 class=\"wp-block-heading has-ast-global-color-4-color has-text-color has-link-color wp-elements-6002119dea04f8f1e9d6c364591bb4b3\">Un chauffeur qui vous attend d\u00e8s votre descente du train<\/h2><p><\/p><p><\/p><p class=\"wp-block-paragraph\">Contrairement \u00e0 une station de taxi o\u00f9 l\u2019attente varie selon l\u2019affluence, votre chauffeur SamyBou VTC est r\u00e9serv\u00e9 exclusivement pour vous et conna\u00eet l\u2019heure d\u2019arriv\u00e9e de votre train. Il vous retrouve au point de rendez-vous convenu et vous aide avec vos bagages avant de prendre la route.<\/p><p><\/p><p><\/p><h2 class=\"wp-block-heading has-ast-global-color-4-color has-text-color has-link-color wp-elements-2359b936baf2743897f069b67f0597ed\">Toutes les grandes gares parisiennes desservies<\/h2><p><\/p><p><\/p><p class=\"wp-block-paragraph\">SamyBou VTC assure vos trajets vers et depuis la gare de Lyon, la gare du Nord, la gare Montparnasse, la gare de l\u2019Est, la gare Saint-Lazare et la gare d\u2019Austerlitz. Que vous rejoigniez votre domicile, un h\u00f4tel ou un rendez-vous professionnel, le trajet est calcul\u00e9 et confirm\u00e9 d\u00e8s la r\u00e9servation.<\/p><p><\/p><p><\/p><h2 class=\"wp-block-heading has-ast-global-color-4-color has-text-color has-link-color wp-elements-587de93c69c01e57ac3d3b361b86056f\">Un tarif fixe, sans stress li\u00e9 aux correspondances<\/h2><p><\/p><p><\/p><p class=\"wp-block-paragraph\">Le tarif de votre course est annonc\u00e9 avant le d\u00e9part et reste identique quel que soit le trafic. Si votre train a du retard, votre chauffeur adapte l\u2019heure de prise en charge en cons\u00e9quence, sans frais suppl\u00e9mentaire.<\/p><p><\/p><p><\/p><h2 class=\"wp-block-heading has-ast-global-color-4-color has-text-color has-link-color wp-elements-3eabb4b1371f1abac700d14a5b8ff946\">Pourquoi choisir SamyBou VTC pour votre gare\u00a0?<\/h2><p><\/p><p><\/p><p class=\"wp-block-paragraph\">SamyBou VTC vous propose un service disponible 24h\/24 avec un tarif garanti et transparent\u00a0: une prise en charge \u00e0 partir de 30\u20ac, compl\u00e9t\u00e9e par 2\u20ac par kilom\u00e8tre parcouru. Aucune carte bancaire n\u2019est demand\u00e9e pour obtenir votre estimation, et la r\u00e9servation se fait sans engagement, via notre formulaire en ligne ou directement par WhatsApp.<\/p><p><\/p><p><\/p><h2 class=\"wp-block-heading has-ast-global-color-4-color has-text-color has-link-color wp-elements-7ceb32bbb5fd14af70977f90c0ac3d22\">R\u00e9server votre chauffeur priv\u00e9 pour la gare<\/h2><p><\/p><p><\/p><p class=\"wp-block-paragraph\">R\u00e9server votre VTC pour une gare parisienne ne prend que quelques minutes via notre formulaire de r\u00e9servation en ligne. Indiquez votre horaire, votre gare de d\u00e9part ou d\u2019arriv\u00e9e et le nombre de passagers pour recevoir une confirmation immediate. Vous pouvez aussi nous appeler directement au 06 78 88 90 72 ou nous contacter pour toute question sur votre trajet.<\/p><p><\/p><p><\/p><h2 class=\"wp-block-heading has-ast-global-color-4-color has-text-color has-link-color wp-elements-eea1655282483e85a5d37916a70bbc96\">Questions fr\u00e9quentes sur le VTC gare \u00e0 Paris<\/h2><p><\/p><p><\/p><h3 class=\"wp-block-heading\">Combien co\u00fbte un trajet en VTC depuis une gare parisienne\u00a0?<\/h3><p><\/p><p><\/p><p class=\"wp-block-paragraph\">Le tarif repose sur une prise en charge de 30\u20ac minimum, \u00e0 laquelle s\u2019ajoutent 2\u20ac par kilom\u00e8tre parcouru. Le montant final vous est communiqu\u00e9 avant la r\u00e9servation, sans surprise \u00e0 l\u2019arriv\u00e9e.<\/p><p><\/p><p><\/p><h3 class=\"wp-block-heading\">Le chauffeur attend-il si mon train a du retard\u00a0?<\/h3><p><\/p><p><\/p><p class=\"wp-block-paragraph\">Oui, votre chauffeur adapte l\u2019heure de prise en charge en fonction de l\u2019horaire r\u00e9el de votre train, sans frais suppl\u00e9mentaire en cas de retard.<\/p><p><\/p><p><\/p><h3 class=\"wp-block-heading\">Combien de temps \u00e0 l\u2019avance dois-je r\u00e9server mon VTC pour la gare\u00a0?<\/h3><p><\/p><p><\/p><p class=\"wp-block-paragraph\">Il est conseill\u00e9 de r\u00e9server d\u00e8s que possible, mais une r\u00e9servation de derni\u00e8re minute reste g\u00e9n\u00e9ralement possible selon la disponibilit\u00e9 des chauffeurs. Plus vous r\u00e9servez t\u00f4t, plus vous s\u00e9curisez votre cr\u00e9neau.<\/p><p><\/p><p><\/p><h3 class=\"wp-block-heading\">Quelles gares parisiennes desservez-vous\u00a0?<\/h3><p><\/p><p><\/p><p class=\"wp-block-paragraph\">SamyBou VTC dessert la gare de Lyon, la gare du Nord, la gare Montparnasse, la gare de l\u2019Est, la gare Saint-Lazare et la gare d\u2019Austerlitz, ainsi que Paris intra-muros et de nombreuses communes d\u2019\u00cele-de-France.<\/p>\t\t\t\t\t\t\t\t<\/div>\n\t\t\n<\/div>\n\t\t<\/div>","protected":false},"excerpt":{"rendered":"<p>VTC Gares Parisiennes\u00a0: Chauffeur Priv\u00e9 pour Votre Arriv\u00e9e ou D\u00e9part en Train Vous arrivez en train \u00e0 Paris ou vous [&hellip;]<\/p>\n","protected":false},"author":1,"featured_media":162,"comment_status":"open","ping_status":"open","sticky":false,"template":"","format":"standard","meta":{"site-sidebar-layout":"default","site-content-layout":"","ast-site-content-layout":"default","site-content-style":"default","site-sidebar-style":"default","ast-global-header-display":"","ast-banner-title-visibility":"","ast-main-header-display":"","ast-hfb-above-header-display":"","ast-hfb-below-header-display":"","ast-hfb-mobile-header-display":"","site-post-title":"","ast-breadcrumbs-content":"","ast-featured-img":"","footer-sml-layout":"","ast-disable-related-posts":"","theme-transparent-header-meta":"","adv-header-id-meta":"","stick-header-meta":"","header-above-stick-meta":"","header-main-stick-meta":"","header-below-stick-meta":"","astra-migrate-meta-layouts":"default","ast-page-background-enabled":"default","ast-page-background-meta":{"desktop":{"background-color":"var(--ast-global-color-5)","background-image":"","background-repeat":"repeat","background-position":"center center","background-size":"auto","background-attachment":"scroll","background-type":"","background-media":"","overlay-type":"","overlay-color":"","overlay-opacity":"","overlay-gradient":""},"tablet":{"background-color":"","background-image":"","background-repeat":"repeat","background-position":"center center","background-size":"auto","background-attachment":"scroll","background-type":"","background-media":"","overlay-type":"","overlay-color":"","overlay-opacity":"","overlay-gradient":""},"mobile":{"background-color":"","background-image":"","background-repeat":"repeat","background-position":"center center","background-size":"auto","background-attachment":"scroll","background-type":"","background-media":"","overlay-type":"","overlay-color":"","overlay-opacity":"","overlay-gradient":""}},"ast-content-background-meta":{"desktop":{"background-color":"var(--ast-global-color-4)","background-image":"","background-repeat":"repeat","background-position":"center center","background-size":"auto","background-attachment":"scroll","background-type":"","background-media":"","overlay-type":"","overlay-color":"","overlay-opacity":"","overlay-gradient":""},"tablet":{"background-color":"var(--ast-global-color-4)","background-image":"","background-repeat":"repeat","background-position":"center center","background-size":"auto","background-attachment":"scroll","background-type":"","background-media":"","overlay-type":"","overlay-color":"","overlay-opacity":"","overlay-gradient":""},"mobile":{"background-color":"var(--ast-global-color-4)","background-image":"","background-repeat":"repeat","background-position":"center center","background-size":"auto","background-attachment":"scroll","background-type":"","background-media":"","overlay-type":"","overlay-color":"","overlay-opacity":"","overlay-gradient":""}},"_jetpack_newsletter_access":"","_jetpack_dont_email_post_to_subs":false,"_jetpack_newsletter_tier_id":0,"_jetpack_memberships_contains_paywalled_content":false,"_jetpack_feature_clip_id":0,"_jetpack_memberships_contains_paid_content":false,"footnotes":"","jetpack_post_was_ever_published":false},"categories":[1],"tags":[],"class_list":["post-997","post","type-post","status-publish","format-standard","has-post-thumbnail","hentry","category-blog"],"seo_data":{"title":"VTC Gares Parisiennes : Chauffeur Priv\u00e9 pour Votre Arriv\u00e9e ou D\u00e9part en Train","description":"","focus_keyword":"","active_plugin":"yoast","plugin_data":{"title":"","description":"","keyword":""}},"yoast_head":"<!-- This site is optimized with the Yoast SEO plugin v28.2 - https:\/\/yoast.com\/product\/yoast-seo-wordpress\/ -->\n<title>VTC Gares Parisiennes : Chauffeur Priv\u00e9 pour Votre Arriv\u00e9e ou D\u00e9part en Train - SamyBou VTC<\/title>\n<meta name=\"robots\" content=\"index, follow, max-snippet:-1, max-image-preview:large, max-video-preview:-1\" \/>\n<link rel=\"canonical\" href=\"https:\/\/www.samybouvtc.com\/en_GB\/vtc-gares-parisiennes-chauffeur-prive-pour-votre-arrivee-ou-depart-en-train\/\" \/>\n<meta property=\"og:locale\" content=\"en_GB\" \/>\n<meta property=\"og:type\" content=\"article\" \/>\n<meta property=\"og:title\" content=\"VTC Gares Parisiennes : Chauffeur Priv\u00e9 pour Votre Arriv\u00e9e ou D\u00e9part en Train - SamyBou VTC\" \/>\n<meta property=\"og:description\" content=\"VTC Gares Parisiennes\u00a0: Chauffeur Priv\u00e9 pour Votre Arriv\u00e9e ou D\u00e9part en Train Vous arrivez en train \u00e0 Paris ou vous [&hellip;]\" \/>\n<meta property=\"og:url\" content=\"https:\/\/www.samybouvtc.com\/en_GB\/vtc-gares-parisiennes-chauffeur-prive-pour-votre-arrivee-ou-depart-en-train\/\" \/>\n<meta property=\"og:site_name\" content=\"SamyBou VTC\" \/>\n<meta property=\"article:published_time\" content=\"2026-08-03T12:12:23+00:00\" \/>\n<meta property=\"article:modified_time\" content=\"2026-08-03T12:38:25+00:00\" \/>\n<meta property=\"og:image\" content=\"https:\/\/www.samybouvtc.com\/wp-content\/uploads\/2026\/06\/heidi-fin-2TLREZi7BUg-unsplash-1-scaled.jpg\" \/>\n\t<meta property=\"og:image:width\" content=\"2560\" \/>\n\t<meta property=\"og:image:height\" content=\"1660\" \/>\n\t<meta property=\"og:image:type\" content=\"image\/jpeg\" \/>\n<meta name=\"author\" content=\"Carine\" \/>\n<meta name=\"twitter:card\" content=\"summary_large_image\" \/>\n<meta name=\"twitter:label1\" content=\"Written by\" \/>\n\t<meta name=\"twitter:data1\" content=\"Carine\" \/>\n\t<meta name=\"twitter:label2\" content=\"Estimated reading time\" \/>\n\t<meta name=\"twitter:data2\" content=\"3 minutes\" \/>\n<script type=\"application\/ld+json\" class=\"yoast-schema-graph\">{\"@context\":\"https:\\\/\\\/schema.org\",\"@graph\":[{\"@type\":\"Article\",\"@id\":\"https:\\\/\\\/www.samybouvtc.com\\\/vtc-gares-parisiennes-chauffeur-prive-pour-votre-arrivee-ou-depart-en-train\\\/#article\",\"isPartOf\":{\"@id\":\"https:\\\/\\\/www.samybouvtc.com\\\/vtc-gares-parisiennes-chauffeur-prive-pour-votre-arrivee-ou-depart-en-train\\\/\"},\"author\":{\"name\":\"Carine\",\"@id\":\"https:\\\/\\\/www.samybouvtc.com\\\/#\\\/schema\\\/person\\\/2786294f8e606083e5efb751efb94ca5\"},\"headline\":\"VTC Gares Parisiennes : Chauffeur Priv\u00e9 pour Votre Arriv\u00e9e ou D\u00e9part en Train\",\"datePublished\":\"2026-08-03T12:12:23+00:00\",\"dateModified\":\"2026-08-03T12:38:25+00:00\",\"mainEntityOfPage\":{\"@id\":\"https:\\\/\\\/www.samybouvtc.com\\\/vtc-gares-parisiennes-chauffeur-prive-pour-votre-arrivee-ou-depart-en-train\\\/\"},\"wordCount\":568,\"commentCount\":0,\"publisher\":{\"@id\":\"https:\\\/\\\/www.samybouvtc.com\\\/#organization\"},\"image\":{\"@id\":\"https:\\\/\\\/www.samybouvtc.com\\\/vtc-gares-parisiennes-chauffeur-prive-pour-votre-arrivee-ou-depart-en-train\\\/#primaryimage\"},\"thumbnailUrl\":\"https:\\\/\\\/www.samybouvtc.com\\\/wp-content\\\/uploads\\\/2026\\\/06\\\/heidi-fin-2TLREZi7BUg-unsplash-1-scaled.jpg\",\"articleSection\":[\"Actualit\u00e9s &amp; Conseils\"],\"inLanguage\":\"en-GB\",\"potentialAction\":[{\"@type\":\"CommentAction\",\"name\":\"Comment\",\"target\":[\"https:\\\/\\\/www.samybouvtc.com\\\/vtc-gares-parisiennes-chauffeur-prive-pour-votre-arrivee-ou-depart-en-train\\\/#respond\"]}]},{\"@type\":\"WebPage\",\"@id\":\"https:\\\/\\\/www.samybouvtc.com\\\/vtc-gares-parisiennes-chauffeur-prive-pour-votre-arrivee-ou-depart-en-train\\\/\",\"url\":\"https:\\\/\\\/www.samybouvtc.com\\\/vtc-gares-parisiennes-chauffeur-prive-pour-votre-arrivee-ou-depart-en-train\\\/\",\"name\":\"VTC Gares Parisiennes : Chauffeur Priv\u00e9 pour Votre Arriv\u00e9e ou D\u00e9part en Train - SamyBou VTC\",\"isPartOf\":{\"@id\":\"https:\\\/\\\/www.samybouvtc.com\\\/#website\"},\"primaryImageOfPage\":{\"@id\":\"https:\\\/\\\/www.samybouvtc.com\\\/vtc-gares-parisiennes-chauffeur-prive-pour-votre-arrivee-ou-depart-en-train\\\/#primaryimage\"},\"image\":{\"@id\":\"https:\\\/\\\/www.samybouvtc.com\\\/vtc-gares-parisiennes-chauffeur-prive-pour-votre-arrivee-ou-depart-en-train\\\/#primaryimage\"},\"thumbnailUrl\":\"https:\\\/\\\/www.samybouvtc.com\\\/wp-content\\\/uploads\\\/2026\\\/06\\\/heidi-fin-2TLREZi7BUg-unsplash-1-scaled.jpg\",\"datePublished\":\"2026-08-03T12:12:23+00:00\",\"dateModified\":\"2026-08-03T12:38:25+00:00\",\"breadcrumb\":{\"@id\":\"https:\\\/\\\/www.samybouvtc.com\\\/vtc-gares-parisiennes-chauffeur-prive-pour-votre-arrivee-ou-depart-en-train\\\/#breadcrumb\"},\"inLanguage\":\"en-GB\",\"potentialAction\":[{\"@type\":\"ReadAction\",\"target\":[\"https:\\\/\\\/www.samybouvtc.com\\\/vtc-gares-parisiennes-chauffeur-prive-pour-votre-arrivee-ou-depart-en-train\\\/\"]}]},{\"@type\":\"ImageObject\",\"inLanguage\":\"en-GB\",\"@id\":\"https:\\\/\\\/www.samybouvtc.com\\\/vtc-gares-parisiennes-chauffeur-prive-pour-votre-arrivee-ou-depart-en-train\\\/#primaryimage\",\"url\":\"https:\\\/\\\/www.samybouvtc.com\\\/wp-content\\\/uploads\\\/2026\\\/06\\\/heidi-fin-2TLREZi7BUg-unsplash-1-scaled.jpg\",\"contentUrl\":\"https:\\\/\\\/www.samybouvtc.com\\\/wp-content\\\/uploads\\\/2026\\\/06\\\/heidi-fin-2TLREZi7BUg-unsplash-1-scaled.jpg\",\"width\":2560,\"height\":1660,\"caption\":\"Verri\u00e8re de gare parisienne, chauffeur priv\u00e9 VTC gare\"},{\"@type\":\"BreadcrumbList\",\"@id\":\"https:\\\/\\\/www.samybouvtc.com\\\/vtc-gares-parisiennes-chauffeur-prive-pour-votre-arrivee-ou-depart-en-train\\\/#breadcrumb\",\"itemListElement\":[{\"@type\":\"ListItem\",\"position\":1,\"name\":\"Accueil\",\"item\":\"https:\\\/\\\/www.samybouvtc.com\\\/\"},{\"@type\":\"ListItem\",\"position\":2,\"name\":\"VTC Gares Parisiennes : Chauffeur Priv\u00e9 pour Votre Arriv\u00e9e ou D\u00e9part en Train\"}]},{\"@type\":\"WebSite\",\"@id\":\"https:\\\/\\\/www.samybouvtc.com\\\/#website\",\"url\":\"https:\\\/\\\/www.samybouvtc.com\\\/\",\"name\":\"SamyBou VTC\",\"description\":\"Chauffeur Priv\u00e9 VTC \u2013 Paris &amp; \u00cele-de-France\",\"publisher\":{\"@id\":\"https:\\\/\\\/www.samybouvtc.com\\\/#organization\"},\"potentialAction\":[{\"@type\":\"SearchAction\",\"target\":{\"@type\":\"EntryPoint\",\"urlTemplate\":\"https:\\\/\\\/www.samybouvtc.com\\\/?s={search_term_string}\"},\"query-input\":{\"@type\":\"PropertyValueSpecification\",\"valueRequired\":true,\"valueName\":\"search_term_string\"}}],\"inLanguage\":\"en-GB\"},{\"@type\":\"Organization\",\"@id\":\"https:\\\/\\\/www.samybouvtc.com\\\/#organization\",\"name\":\"SamyBou VTC\",\"alternateName\":\"SGB Transport\",\"url\":\"https:\\\/\\\/www.samybouvtc.com\\\/\",\"logo\":{\"@type\":\"ImageObject\",\"inLanguage\":\"en-GB\",\"@id\":\"https:\\\/\\\/www.samybouvtc.com\\\/#\\\/schema\\\/logo\\\/image\\\/\",\"url\":\"https:\\\/\\\/www.samybouvtc.com\\\/wp-content\\\/uploads\\\/2026\\\/06\\\/cropped-SamyBou-7.png\",\"contentUrl\":\"https:\\\/\\\/www.samybouvtc.com\\\/wp-content\\\/uploads\\\/2026\\\/06\\\/cropped-SamyBou-7.png\",\"width\":1832,\"height\":1694,\"caption\":\"SamyBou VTC\"},\"image\":{\"@id\":\"https:\\\/\\\/www.samybouvtc.com\\\/#\\\/schema\\\/logo\\\/image\\\/\"},\"sameAs\":[\"https:\\\/\\\/www.google.com\\\/maps\\\/place\\\/SamyBou+VTC\\\/data=!4m2!3m1!1s0x234b705623550e5d:0x8f4897cdfa6f68a2!18m1!1e1\",\"https:\\\/\\\/www.linkedin.com\\\/company\\\/136136423\\\/\"]},{\"@type\":\"Person\",\"@id\":\"https:\\\/\\\/www.samybouvtc.com\\\/#\\\/schema\\\/person\\\/2786294f8e606083e5efb751efb94ca5\",\"name\":\"Carine\",\"image\":{\"@type\":\"ImageObject\",\"inLanguage\":\"en-GB\",\"@id\":\"https:\\\/\\\/secure.gravatar.com\\\/avatar\\\/b88a075fbc93f4351b0809562de37f67e78a0cddf8461efa923dd10ebf772097?s=96&d=mm&r=g\",\"url\":\"https:\\\/\\\/secure.gravatar.com\\\/avatar\\\/b88a075fbc93f4351b0809562de37f67e78a0cddf8461efa923dd10ebf772097?s=96&d=mm&r=g\",\"contentUrl\":\"https:\\\/\\\/secure.gravatar.com\\\/avatar\\\/b88a075fbc93f4351b0809562de37f67e78a0cddf8461efa923dd10ebf772097?s=96&d=mm&r=g\",\"caption\":\"Carine\"},\"sameAs\":[\"https:\\\/\\\/samybouvtc.com\"],\"url\":\"https:\\\/\\\/www.samybouvtc.com\\\/en_GB\\\/author\\\/carine\\\/\"}]}<\/script>\n<!-- \/ Yoast SEO plugin. -->","yoast_head_json":{"title":"VTC Gares Parisiennes : Chauffeur Priv\u00e9 pour Votre Arriv\u00e9e ou D\u00e9part en Train - SamyBou VTC","robots":{"index":"index","follow":"follow","max-snippet":"max-snippet:-1","max-image-preview":"max-image-preview:large","max-video-preview":"max-video-preview:-1"},"canonical":"https:\/\/www.samybouvtc.com\/en_GB\/vtc-gares-parisiennes-chauffeur-prive-pour-votre-arrivee-ou-depart-en-train\/","og_locale":"en_GB","og_type":"article","og_title":"VTC Gares Parisiennes : Chauffeur Priv\u00e9 pour Votre Arriv\u00e9e ou D\u00e9part en Train - SamyBou VTC","og_description":"VTC Gares Parisiennes\u00a0: Chauffeur Priv\u00e9 pour Votre Arriv\u00e9e ou D\u00e9part en Train Vous arrivez en train \u00e0 Paris ou vous [&hellip;]","og_url":"https:\/\/www.samybouvtc.com\/en_GB\/vtc-gares-parisiennes-chauffeur-prive-pour-votre-arrivee-ou-depart-en-train\/","og_site_name":"SamyBou VTC","article_published_time":"2026-08-03T12:12:23+00:00","article_modified_time":"2026-08-03T12:38:25+00:00","og_image":[{"width":2560,"height":1660,"url":"https:\/\/www.samybouvtc.com\/wp-content\/uploads\/2026\/06\/heidi-fin-2TLREZi7BUg-unsplash-1-scaled.jpg","type":"image\/jpeg"}],"author":"Carine","twitter_card":"summary_large_image","twitter_misc":{"Written by":"Carine","Estimated reading time":"3 minutes"},"schema":{"@context":"https:\/\/schema.org","@graph":[{"@type":"Article","@id":"https:\/\/www.samybouvtc.com\/vtc-gares-parisiennes-chauffeur-prive-pour-votre-arrivee-ou-depart-en-train\/#article","isPartOf":{"@id":"https:\/\/www.samybouvtc.com\/vtc-gares-parisiennes-chauffeur-prive-pour-votre-arrivee-ou-depart-en-train\/"},"author":{"name":"Carine","@id":"https:\/\/www.samybouvtc.com\/#\/schema\/person\/2786294f8e606083e5efb751efb94ca5"},"headline":"VTC Gares Parisiennes : Chauffeur Priv\u00e9 pour Votre Arriv\u00e9e ou D\u00e9part en Train","datePublished":"2026-08-03T12:12:23+00:00","dateModified":"2026-08-03T12:38:25+00:00","mainEntityOfPage":{"@id":"https:\/\/www.samybouvtc.com\/vtc-gares-parisiennes-chauffeur-prive-pour-votre-arrivee-ou-depart-en-train\/"},"wordCount":568,"commentCount":0,"publisher":{"@id":"https:\/\/www.samybouvtc.com\/#organization"},"image":{"@id":"https:\/\/www.samybouvtc.com\/vtc-gares-parisiennes-chauffeur-prive-pour-votre-arrivee-ou-depart-en-train\/#primaryimage"},"thumbnailUrl":"https:\/\/www.samybouvtc.com\/wp-content\/uploads\/2026\/06\/heidi-fin-2TLREZi7BUg-unsplash-1-scaled.jpg","articleSection":["Actualit\u00e9s &amp; Conseils"],"inLanguage":"en-GB","potentialAction":[{"@type":"CommentAction","name":"Comment","target":["https:\/\/www.samybouvtc.com\/vtc-gares-parisiennes-chauffeur-prive-pour-votre-arrivee-ou-depart-en-train\/#respond"]}]},{"@type":"WebPage","@id":"https:\/\/www.samybouvtc.com\/vtc-gares-parisiennes-chauffeur-prive-pour-votre-arrivee-ou-depart-en-train\/","url":"https:\/\/www.samybouvtc.com\/vtc-gares-parisiennes-chauffeur-prive-pour-votre-arrivee-ou-depart-en-train\/","name":"VTC Gares Parisiennes : Chauffeur Priv\u00e9 pour Votre Arriv\u00e9e ou D\u00e9part en Train - SamyBou VTC","isPartOf":{"@id":"https:\/\/www.samybouvtc.com\/#website"},"primaryImageOfPage":{"@id":"https:\/\/www.samybouvtc.com\/vtc-gares-parisiennes-chauffeur-prive-pour-votre-arrivee-ou-depart-en-train\/#primaryimage"},"image":{"@id":"https:\/\/www.samybouvtc.com\/vtc-gares-parisiennes-chauffeur-prive-pour-votre-arrivee-ou-depart-en-train\/#primaryimage"},"thumbnailUrl":"https:\/\/www.samybouvtc.com\/wp-content\/uploads\/2026\/06\/heidi-fin-2TLREZi7BUg-unsplash-1-scaled.jpg","datePublished":"2026-08-03T12:12:23+00:00","dateModified":"2026-08-03T12:38:25+00:00","breadcrumb":{"@id":"https:\/\/www.samybouvtc.com\/vtc-gares-parisiennes-chauffeur-prive-pour-votre-arrivee-ou-depart-en-train\/#breadcrumb"},"inLanguage":"en-GB","potentialAction":[{"@type":"ReadAction","target":["https:\/\/www.samybouvtc.com\/vtc-gares-parisiennes-chauffeur-prive-pour-votre-arrivee-ou-depart-en-train\/"]}]},{"@type":"ImageObject","inLanguage":"en-GB","@id":"https:\/\/www.samybouvtc.com\/vtc-gares-parisiennes-chauffeur-prive-pour-votre-arrivee-ou-depart-en-train\/#primaryimage","url":"https:\/\/www.samybouvtc.com\/wp-content\/uploads\/2026\/06\/heidi-fin-2TLREZi7BUg-unsplash-1-scaled.jpg","contentUrl":"https:\/\/www.samybouvtc.com\/wp-content\/uploads\/2026\/06\/heidi-fin-2TLREZi7BUg-unsplash-1-scaled.jpg","width":2560,"height":1660,"caption":"Verri\u00e8re de gare parisienne, chauffeur priv\u00e9 VTC gare"},{"@type":"BreadcrumbList","@id":"https:\/\/www.samybouvtc.com\/vtc-gares-parisiennes-chauffeur-prive-pour-votre-arrivee-ou-depart-en-train\/#breadcrumb","itemListElement":[{"@type":"ListItem","position":1,"name":"Accueil","item":"https:\/\/www.samybouvtc.com\/"},{"@type":"ListItem","position":2,"name":"VTC Gares Parisiennes : Chauffeur Priv\u00e9 pour Votre Arriv\u00e9e ou D\u00e9part en Train"}]},{"@type":"WebSite","@id":"https:\/\/www.samybouvtc.com\/#website","url":"https:\/\/www.samybouvtc.com\/","name":"SamyBou VTC","description":"Chauffeur Priv\u00e9 VTC \u2013 Paris &amp; \u00cele-de-France","publisher":{"@id":"https:\/\/www.samybouvtc.com\/#organization"},"potentialAction":[{"@type":"SearchAction","target":{"@type":"EntryPoint","urlTemplate":"https:\/\/www.samybouvtc.com\/?s={search_term_string}"},"query-input":{"@type":"PropertyValueSpecification","valueRequired":true,"valueName":"search_term_string"}}],"inLanguage":"en-GB"},{"@type":"Organization","@id":"https:\/\/www.samybouvtc.com\/#organization","name":"SamyBou VTC","alternateName":"SGB Transport","url":"https:\/\/www.samybouvtc.com\/","logo":{"@type":"ImageObject","inLanguage":"en-GB","@id":"https:\/\/www.samybouvtc.com\/#\/schema\/logo\/image\/","url":"https:\/\/www.samybouvtc.com\/wp-content\/uploads\/2026\/06\/cropped-SamyBou-7.png","contentUrl":"https:\/\/www.samybouvtc.com\/wp-content\/uploads\/2026\/06\/cropped-SamyBou-7.png","width":1832,"height":1694,"caption":"SamyBou VTC"},"image":{"@id":"https:\/\/www.samybouvtc.com\/#\/schema\/logo\/image\/"},"sameAs":["https:\/\/www.google.com\/maps\/place\/SamyBou+VTC\/data=!4m2!3m1!1s0x234b705623550e5d:0x8f4897cdfa6f68a2!18m1!1e1","https:\/\/www.linkedin.com\/company\/136136423\/"]},{"@type":"Person","@id":"https:\/\/www.samybouvtc.com\/#\/schema\/person\/2786294f8e606083e5efb751efb94ca5","name":"Carine","image":{"@type":"ImageObject","inLanguage":"en-GB","@id":"https:\/\/secure.gravatar.com\/avatar\/b88a075fbc93f4351b0809562de37f67e78a0cddf8461efa923dd10ebf772097?s=96&d=mm&r=g","url":"https:\/\/secure.gravatar.com\/avatar\/b88a075fbc93f4351b0809562de37f67e78a0cddf8461efa923dd10ebf772097?s=96&d=mm&r=g","contentUrl":"https:\/\/secure.gravatar.com\/avatar\/b88a075fbc93f4351b0809562de37f67e78a0cddf8461efa923dd10ebf772097?s=96&d=mm&r=g","caption":"Carine"},"sameAs":["https:\/\/samybouvtc.com"],"url":"https:\/\/www.samybouvtc.com\/en_GB\/author\/carine\/"}]}},"jetpack_sharing_enabled":true,"jetpack_featured_media_url":"https:\/\/www.samybouvtc.com\/wp-content\/uploads\/2026\/06\/heidi-fin-2TLREZi7BUg-unsplash-1-scaled.jpg","_links":{"self":[{"href":"https:\/\/www.samybouvtc.com\/en_GB\/wp-json\/wp\/v2\/posts\/997","targetHints":{"allow":["GET"]}}],"collection":[{"href":"https:\/\/www.samybouvtc.com\/en_GB\/wp-json\/wp\/v2\/posts"}],"about":[{"href":"https:\/\/www.samybouvtc.com\/en_GB\/wp-json\/wp\/v2\/types\/post"}],"author":[{"embeddable":true,"href":"https:\/\/www.samybouvtc.com\/en_GB\/wp-json\/wp\/v2\/users\/1"}],"replies":[{"embeddable":true,"href":"https:\/\/www.samybouvtc.com\/en_GB\/wp-json\/wp\/v2\/comments?post=997"}],"version-history":[{"count":5,"href":"https:\/\/www.samybouvtc.com\/en_GB\/wp-json\/wp\/v2\/posts\/997\/revisions"}],"predecessor-version":[{"id":1014,"href":"https:\/\/www.samybouvtc.com\/en_GB\/wp-json\/wp\/v2\/posts\/997\/revisions\/1014"}],"wp:featuredmedia":[{"embeddable":true,"href":"https:\/\/www.samybouvtc.com\/en_GB\/wp-json\/wp\/v2\/media\/162"}],"wp:attachment":[{"href":"https:\/\/www.samybouvtc.com\/en_GB\/wp-json\/wp\/v2\/media?parent=997"}],"wp:term":[{"taxonomy":"category","embeddable":true,"href":"https:\/\/www.samybouvtc.com\/en_GB\/wp-json\/wp\/v2\/categories?post=997"},{"taxonomy":"post_tag","embeddable":true,"href":"https:\/\/www.samybouvtc.com\/en_GB\/wp-json\/wp\/v2\/tags?post=997"}],"curies":[{"name":"wp","href":"https:\/\/api.w.org\/{rel}","templated":true}]}}